{"id":585,"date":"2021-07-14T16:56:52","date_gmt":"2021-07-14T16:56:52","guid":{"rendered":"https:\/\/araadvocats.net\/?p=585"},"modified":"2021-07-14T16:56:55","modified_gmt":"2021-07-14T16:56:55","slug":"costes-laborales-cotizaciones-sociales-andorra","status":"publish","type":"post","link":"https:\/\/araadvocats.net\/ca\/costes-laborales-cotizaciones-sociales-andorra\/","title":{"rendered":"Costos laborals i cotitzacions socials a Andorra"},"content":{"rendered":"<p>En comparaci\u00f3 amb Espanya o Fran\u00e7a, els costos laborals s\u00f3n notablement m\u00e9s baixos. De la mateixa manera succeeix amb les cotitzacions a la Seguretat Social, que per a les empreses se situa en un 15,5%, mentre que el mateix c\u00e0rrec excedeix el 30% a Espanya i Fran\u00e7a. Aquest fet facilita la contractaci\u00f3 d&#039;empleats i redueix el cost fix de qualsevol emprenedor que cre\u00ef una empresa a Andorra.<\/p>\n\n\n\n<h2 class=\"wp-block-heading\"><strong>Salaris a Andorra<\/strong><\/h2>\n\n\n\n<p>Els salaris tamb\u00e9 ofereixen xifres molt competitives. Des 2018, el salari mitj\u00e0 a Andorra se situa al voltant d&#039;uns 2.100 \u20ac \/ mes i el salari m\u00ednim, a 1.050 \u20ac \/ mes. Tot i que les \u00faltimes xifres proporcionades per l&#039;INE mostren que el salari mitj\u00e0 a Espanya \u00e9s similar a el d&#039;Andorra, la difer\u00e8ncia de el cost laboral a causa de les cotitzacions a la Seguretat Social fan que el salari espanyol es vegi incrementat fins a un 15% m\u00e9s que a Andorra . A Fran\u00e7a, el salari mitj\u00e0 es va quedar en 2.957 \u20ac \/ mes en 2016. Si se li suma el 32% corresponent a la Seguretat Social, la xifra resultant \u00e9s de 3.844 \u20ac \/ mes (mentre que a Andorra se situa en 2.346 \u20ac \/ mes, gaireb\u00e9 un 40% menys).<\/p>","protected":false},"excerpt":{"rendered":"<p>En comparaci\u00f3 amb Espanya o Fran\u00e7a, els costos laborals s\u00f3n notablement m\u00e9s baixos. Igualment passa amb les cotitzacions a la Seguretat Social, que per a les empreses se situa en un 15,5%, mentre que el mateix c\u00e0rrec excedeix el 30% a Espanya i Fran\u00e7a. Aquest fet facilita la contractaci\u00f3 d&#039;empleats i redueix el \u2026 <a title=\"Costos laborals i cotitzacions socials a Andorra\" class=\"read-more\" href=\"https:\/\/araadvocats.net\/ca\/costes-laborales-cotizaciones-sociales-andorra\/\" aria-label=\"M\u00e9s sobre Costos laborals i cotitzacions socials a Andorra\">Llegiu m\u00e9s<\/a><\/p>","protected":false},"author":1,"featured_media":588,"comment_status":"open","ping_status":"open","sticky":false,"template":"","format":"standard","meta":{"footnotes":""},"categories":[19],"tags":[17,51],"_links":{"self":[{"href":"https:\/\/araadvocats.net\/ca\/wp-json\/wp\/v2\/posts\/585"}],"collection":[{"href":"https:\/\/araadvocats.net\/ca\/wp-json\/wp\/v2\/posts"}],"about":[{"href":"https:\/\/araadvocats.net\/ca\/wp-json\/wp\/v2\/types\/post"}],"author":[{"embeddable":true,"href":"https:\/\/araadvocats.net\/ca\/wp-json\/wp\/v2\/users\/1"}],"replies":[{"embeddable":true,"href":"https:\/\/araadvocats.net\/ca\/wp-json\/wp\/v2\/comments?post=585"}],"version-history":[{"count":2,"href":"https:\/\/araadvocats.net\/ca\/wp-json\/wp\/v2\/posts\/585\/revisions"}],"predecessor-version":[{"id":587,"href":"https:\/\/araadvocats.net\/ca\/wp-json\/wp\/v2\/posts\/585\/revisions\/587"}],"wp:featuredmedia":[{"embeddable":true,"href":"https:\/\/araadvocats.net\/ca\/wp-json\/wp\/v2\/media\/588"}],"wp:attachment":[{"href":"https:\/\/araadvocats.net\/ca\/wp-json\/wp\/v2\/media?parent=585"}],"wp:term":[{"taxonomy":"category","embeddable":true,"href":"https:\/\/araadvocats.net\/ca\/wp-json\/wp\/v2\/categories?post=585"},{"taxonomy":"post_tag","embeddable":true,"href":"https:\/\/araadvocats.net\/ca\/wp-json\/wp\/v2\/tags?post=585"}],"curies":[{"name":"wp","href":"https:\/\/api.w.org\/{rel}","templated":true}]}}