{"id":589,"date":"2021-07-14T17:00:27","date_gmt":"2021-07-14T17:00:27","guid":{"rendered":"https:\/\/araadvocats.net\/?p=589"},"modified":"2021-07-14T17:00:29","modified_gmt":"2021-07-14T17:00:29","slug":"inmigracion-residencia-andorra","status":"publish","type":"post","link":"https:\/\/araadvocats.net\/ca\/inmigracion-residencia-andorra\/","title":{"rendered":"Immigraci\u00f3 i resid\u00e8ncia a Andorra"},"content":{"rendered":"<p>Residir a Andorra \u00e9s sin\u00f2nim de viure en un entorn natural fant\u00e0stic, en ple Pirineu. Per\u00f2 tamb\u00e9 \u00e9s seguretat i un nivell alt de qualitat de vida. Perqu\u00e8 Andorra compta amb un dels millors sistemes sanitaris del m\u00f3n, un sistema educatiu majorit\u00e0riament gratu\u00eft i multi-idioma, i una completa oferta de serveis i lleure per a tots els gustos. I tot a menys de 3 hores amb cotxe de ciutats com Barcelona o Tolosa.<\/p>\n\n\n\n<p>D&#039;una banda, les resid\u00e8ncies actives (per a treballadors o inversors). D&#039;altra banda, les resid\u00e8ncies passives (tamb\u00e9 conegudes com a resid\u00e8ncia fiscal), en qualsevol de les modalitats: Resid\u00e8ncies no lucratives, professionals d&#039;\u00e0mbit internacional o Resid\u00e8ncies d&#039;inter\u00e8s cient\u00edfic, esportiu o cultural). Tamb\u00e9 gestionem permisos de resid\u00e8ncia temporal per a empreses que fan treballs estacionals a Andorra (obres, instal\u00b7lacions, pr\u00e0ctiques formatives, estades per a entrenaments, etc\u2026).<\/p>\n\n\n\n<h2 class=\"wp-block-heading\"><strong>Resid\u00e8ncies Actives<\/strong><\/h2>\n\n\n\n<p>Resid\u00e8ncia Activa que autoritza residir a Andorra i exercir una activitat com a aut\u00f2nom o empresari. Per poder sol\u00b7licitar-la,&nbsp;<strong>es requereix:<\/strong><\/p>\n\n\n\n<ul><li>Que la persona interessada estableixi la seva resid\u00e8ncia a Andorra de manera permanent. Disposar d\u201funa autoritzaci\u00f3 d\u201finversi\u00f3 estrangera per poder crear una societat al pa\u00eds (en la qual haur\u00e0 de disposar d\u201funa participaci\u00f3 superior al 20%).<\/li><li>Exercir un c\u00e0rrec a l\u00f2rgan dadministraci\u00f3 de la mateixa societat anteriorment esmentada.<\/li><\/ul>\n\n\n\n<p><strong>Com a requisits merament econ\u00f2mics, \u00e9s imprescindible:<\/strong><\/p>\n\n\n\n<ul><li>Realitzar un dip\u00f2sit de 15.000\u20ac a l&#039;Autoritat Financera Andorrana (AFA). Aquest import es torna de forma \u00edntegra en el moment que la persona decid\u00eds deixar de residir al pa\u00eds (sempre que no hi hagi deutes pendents).<\/li><\/ul>\n\n\n\n<h2 class=\"wp-block-heading\"><strong>Resid\u00e8ncies passives (o resid\u00e8ncies fiscals)<\/strong><\/h2>\n\n\n\n<p>Les resid\u00e8ncies passives o resid\u00e8ncies fiscals s\u00f3n aquelles que contemplen un dels sup\u00f2sits seg\u00fcents:<\/p>\n\n\n\n<ul><li>Resid\u00e8ncia sense activitat lucrativa<\/li><li>Resid\u00e8ncia per a professionals amb projecci\u00f3 internacional<\/li><li>Resid\u00e8ncia per raons dinter\u00e8s cient\u00edfic, cultural i esportiu<\/li><li>Resid\u00e8ncia per ingr\u00e9s a centres geri\u00e0trics privats o b\u00e9 a centres de cures m\u00e8diques o de terap\u00e8utiques de car\u00e0cter privat.<\/li><\/ul>\n\n\n\n<p>En aquests casos se sol\u00b7licitar\u00e0 un comprom\u00eds formal conforme es fixar\u00e0 la resid\u00e8ncia efectiva a Andorra per un per\u00edode de m\u00ednim 90 dies per any natural.<\/p>\n\n\n\n<p>Els requisits econ\u00f2mics demanen:<\/p>\n\n\n\n<ul><li>La justificaci\u00f3 per part de la persona titular, duns ingressos anuals que superin en un 300% el salari m\u00ednim anual vigent. Cal afegir el 100% daquest indicador per a cadascuna de les persones que tingui a c\u00e0rrec.<\/li><li>La inversi\u00f3 dun m\u00ednim de 400.000\u20ac a Andorra. La inversi\u00f3 pot ser en b\u00e9ns immobles, en societats del pa\u00eds instruments de deute o finances emesos per entitats locals o altres tipologies d&#039;actiu al territori andorr\u00e0.<\/li><li>La constituci\u00f3 d&#039;un dip\u00f2sit de 50.000\u20ac a l&#039;Autoritat Financera Andorrana (AFA) que haur\u00e0 de ser incrementada en 10.000\u20ac per cada persona a c\u00e0rrec. L&#039;import final d&#039;aquest dip\u00f2sit queda contemplat dins dels 400.000\u20ac m\u00ednims d&#039;inversi\u00f3 requerida al pa\u00eds.<\/li><\/ul>","protected":false},"excerpt":{"rendered":"<p>Residir a Andorra \u00e9s sin\u00f2nim de viure en un entorn natural fant\u00e0stic, en ple Pirineu. Per\u00f2 tamb\u00e9 \u00e9s seguretat i un nivell alt de qualitat de vida. Perqu\u00e8 Andorra compta amb un dels millors sistemes sanitaris del m\u00f3n, un sistema educatiu majorit\u00e0riament gratu\u00eft i multi-idioma, i una completa oferta de serveis i \u2026 <a title=\"Immigraci\u00f3 i resid\u00e8ncia a Andorra\" class=\"read-more\" href=\"https:\/\/araadvocats.net\/ca\/inmigracion-residencia-andorra\/\" aria-label=\"M\u00e9s sobre Immigraci\u00f3 i resid\u00e8ncia a Andorra\">Llegiu m\u00e9s<\/a><\/p>","protected":false},"author":1,"featured_media":591,"comment_status":"open","ping_status":"open","sticky":false,"template":"","format":"standard","meta":{"footnotes":""},"categories":[12],"tags":[17,26,14],"_links":{"self":[{"href":"https:\/\/araadvocats.net\/ca\/wp-json\/wp\/v2\/posts\/589"}],"collection":[{"href":"https:\/\/araadvocats.net\/ca\/wp-json\/wp\/v2\/posts"}],"about":[{"href":"https:\/\/araadvocats.net\/ca\/wp-json\/wp\/v2\/types\/post"}],"author":[{"embeddable":true,"href":"https:\/\/araadvocats.net\/ca\/wp-json\/wp\/v2\/users\/1"}],"replies":[{"embeddable":true,"href":"https:\/\/araadvocats.net\/ca\/wp-json\/wp\/v2\/comments?post=589"}],"version-history":[{"count":1,"href":"https:\/\/araadvocats.net\/ca\/wp-json\/wp\/v2\/posts\/589\/revisions"}],"predecessor-version":[{"id":590,"href":"https:\/\/araadvocats.net\/ca\/wp-json\/wp\/v2\/posts\/589\/revisions\/590"}],"wp:featuredmedia":[{"embeddable":true,"href":"https:\/\/araadvocats.net\/ca\/wp-json\/wp\/v2\/media\/591"}],"wp:attachment":[{"href":"https:\/\/araadvocats.net\/ca\/wp-json\/wp\/v2\/media?parent=589"}],"wp:term":[{"taxonomy":"category","embeddable":true,"href":"https:\/\/araadvocats.net\/ca\/wp-json\/wp\/v2\/categories?post=589"},{"taxonomy":"post_tag","embeddable":true,"href":"https:\/\/araadvocats.net\/ca\/wp-json\/wp\/v2\/tags?post=589"}],"curies":[{"name":"wp","href":"https:\/\/api.w.org\/{rel}","templated":true}]}}